{"id":648,"date":"2015-10-27T12:59:55","date_gmt":"2015-10-27T12:59:55","guid":{"rendered":"http:\/\/gymnoten.dk\/?p=648"},"modified":"2015-10-27T12:59:55","modified_gmt":"2015-10-27T12:59:55","slug":"kalender-2016","status":"publish","type":"post","link":"http:\/\/gymnoten.karlosall.dk\/?p=648","title":{"rendered":"KALENDER 2016"},"content":{"rendered":"<p>Med al det hall\u00f8j og stress der er i vores hovedskaller, kan det v\u00e6re sv\u00e6rt at huske, hvorn\u00e5r onkel har f\u00f8dselsdag eller datoen for den \u00e5rlige g\u00e5sefest.<br \/>\nFor ikke at tale om, hvorn\u00e5r Vendsyssel-Thy blev en \u00f8, \u00e5rsdagen for Daffy Ducks f\u00f8rste optr\u00e6den, eller hvorn\u00e5r det eneste kendte tilf\u00e6lde af sne i Sahara faldt.<br \/>\nInvester derfor i Gymnotens \u00e5rlige v\u00e6gkalender for 2016!<br \/>\nHvor vi har fortrykt de vigtigste m\u00e6rkedage og meteorsv\u00e6rme OG levnet plads til tilf\u00f8jelser efter eget \u00f8nske; der er sikkert et sp\u00e6ndende m\u00f8de i institutionen, en hyggelig komsammen p\u00e5 arbejdspladsen eller et bes\u00f8g p\u00e5 skatteforvaltningen, som det vil v\u00e6re synd at g\u00e5 glip af.<br \/>\n<a href=\"http:\/\/gymnoten.karlosall.dk\/wp-content\/uploads\/2015\/10\/Rod-i-kalenderen.jpg\"><img loading=\"lazy\" class=\"alignnone size-full wp-image-650\" src=\"http:\/\/gymnoten.karlosall.dk\/wp-content\/uploads\/2015\/10\/Rod-i-kalenderen.jpg\" alt=\"Rod i kalenderen\" width=\"500\" height=\"682\" \/><\/a><br \/>\nKUN 100 kroner for alle tolv m\u00e5neder med kalender og Emil Brahes tegninger af <em>Tr\u00e6k-op-pyramidens Rastl\u00f8se Rejse<\/em> i prangende sort-hvid, A3 i udfoldet tilstand.<br \/>\nBESTIL p\u00e5 gymnoten@gmail.com. Husk at skrive dit navn. Vi trykker kun til de bestilte.<br \/>\n&nbsp;<\/p>\n","protected":false},"excerpt":{"rendered":"<p>Med al det hall\u00f8j og stress der er i vores hovedskaller, kan det v\u00e6re sv\u00e6rt at huske, hvorn\u00e5r onkel har f\u00f8dselsdag eller datoen for den \u00e5rlige g\u00e5sefest. For ikke at tale om, hvorn\u00e5r Vendsyssel-Thy blev en \u00f8, \u00e5rsdagen for Daffy[&hellip;]<a class=\"more-link\" href=\"http:\/\/gymnoten.karlosall.dk\/?p=648\">&darr; Read the rest of this entry&#8230;<\/a><\/p>\n","protected":false},"author":3,"featured_media":0,"comment_status":"open","ping_status":"open","sticky":false,"template":"","format":"standard","meta":[],"categories":[2],"tags":[21,28,37,59,67,74],"_links":{"self":[{"href":"http:\/\/gymnoten.karlosall.dk\/index.php?rest_route=\/wp\/v2\/posts\/648"}],"collection":[{"href":"http:\/\/gymnoten.karlosall.dk\/index.php?rest_route=\/wp\/v2\/posts"}],"about":[{"href":"http:\/\/gymnoten.karlosall.dk\/index.php?rest_route=\/wp\/v2\/types\/post"}],"author":[{"embeddable":true,"href":"http:\/\/gymnoten.karlosall.dk\/index.php?rest_route=\/wp\/v2\/users\/3"}],"replies":[{"embeddable":true,"href":"http:\/\/gymnoten.karlosall.dk\/index.php?rest_route=%2Fwp%2Fv2%2Fcomments&post=648"}],"version-history":[{"count":0,"href":"http:\/\/gymnoten.karlosall.dk\/index.php?rest_route=\/wp\/v2\/posts\/648\/revisions"}],"wp:attachment":[{"href":"http:\/\/gymnoten.karlosall.dk\/index.php?rest_route=%2Fwp%2Fv2%2Fmedia&parent=648"}],"wp:term":[{"taxonomy":"category","embeddable":true,"href":"http:\/\/gymnoten.karlosall.dk\/index.php?rest_route=%2Fwp%2Fv2%2Fcategories&post=648"},{"taxonomy":"post_tag","embeddable":true,"href":"http:\/\/gymnoten.karlosall.dk\/index.php?rest_route=%2Fwp%2Fv2%2Ftags&post=648"}],"curies":[{"name":"wp","href":"https:\/\/api.w.org\/{rel}","templated":true}]}}