{"id":537,"date":"2015-06-27T09:14:03","date_gmt":"2015-06-27T09:14:03","guid":{"rendered":"http:\/\/gymnoten.dk\/?p=537"},"modified":"2015-06-27T09:14:03","modified_gmt":"2015-06-27T09:14:03","slug":"morskab-og-stille-dod","status":"publish","type":"post","link":"http:\/\/gymnoten.karlosall.dk\/?p=537","title":{"rendered":"MORSKAB OG STILLE D\u00d8D"},"content":{"rendered":"<p>S\u00e5 er <strong>Sydstjernen<\/strong> ude i butikkerne, internetbutikkerne OG selvf\u00f8lgelig vigtigst &#8211; og hvor I b\u00f8r styrte hen og k\u00f8be den &#8211; Stribeladen i \u00c5rhus og Fantask i K\u00f8benhavn.<br \/>\nNummer9 <a href=\"http:\/\/nummer9.dk\/blog\/anmeldelser\/roterende-fis-i-traek-op-pyramiden\/\"><strong>skriver<\/strong> <\/a>om den, at der er fuld fart frem, punkattitude og fuck-it-all-hed OG m\u00e5ske ogs\u00e5 lidt dybde!<br \/>\nDe beskriver den bl.a s\u00e5dan: <em>Lokationen er m\u00f8rk, urban, skyggefuld og industriel, og selvom det er meget, meget sjovt store dele af tiden, s\u00e5 er der alligevel en konstant tristesse og duft af stille, langsom d\u00f8d over hele v\u00e6rket.<\/em><br \/>\n<a href=\"http:\/\/gymnoten.karlosall.dk\/wp-content\/uploads\/2015\/06\/Vradzilla.jpg\"><img loading=\"lazy\" class=\"alignnone size-full wp-image-538\" src=\"http:\/\/gymnoten.karlosall.dk\/wp-content\/uploads\/2015\/06\/Vradzilla.jpg\" alt=\"Vradzilla\" width=\"500\" height=\"705\" \/><\/a><br \/>\n(Billede fra den forkastede storfilm over Sydstjernen, <strong>Vradzilla<\/strong>, som Thomas Vinterberg skulle have instrueret efter manus af Susanne Bier. Som skaberne af Sydstjernen m\u00e5tte vi dog tr\u00e6kke stikket, da det kom frem at Vinterberg ville have Mads Mikkelsen og ikke Ole Thestrup i rollen som Vrad, som vi ellers var blevet lovet.<br \/>\nProducenterne overvejer at for\u00e6re byen hvor i Vrad, Br\u00e6um og Agner bor, som blev bygget af papkasser i L.A., til den amerikanske version af Dogville)<br \/>\nIstedet for filmpremiere og endel\u00f8se champagne og cokeparties, satser Gymnotens redaktion p\u00e5 at holde en dobbelt release i sensommeren p\u00e5 Sydstjernen og ikke mindst hr. Vs kortroman <strong>Povls sidste brev til absintherne<\/strong>.<br \/>\n&nbsp;<br \/>\n&nbsp;<br \/>\n&nbsp;<\/p>\n","protected":false},"excerpt":{"rendered":"<p>S\u00e5 er Sydstjernen ude i butikkerne, internetbutikkerne OG selvf\u00f8lgelig vigtigst &#8211; og hvor I b\u00f8r styrte hen og k\u00f8be den &#8211; Stribeladen i \u00c5rhus og Fantask i K\u00f8benhavn. Nummer9 skriver om den, at der er fuld fart frem, punkattitude og[&hellip;]<a class=\"more-link\" href=\"http:\/\/gymnoten.karlosall.dk\/?p=537\">&darr; Read the rest of this entry&#8230;<\/a><\/p>\n","protected":false},"author":3,"featured_media":0,"comment_status":"open","ping_status":"open","sticky":false,"template":"","format":"standard","meta":[],"categories":[2],"tags":[22,74],"_links":{"self":[{"href":"http:\/\/gymnoten.karlosall.dk\/index.php?rest_route=\/wp\/v2\/posts\/537"}],"collection":[{"href":"http:\/\/gymnoten.karlosall.dk\/index.php?rest_route=\/wp\/v2\/posts"}],"about":[{"href":"http:\/\/gymnoten.karlosall.dk\/index.php?rest_route=\/wp\/v2\/types\/post"}],"author":[{"embeddable":true,"href":"http:\/\/gymnoten.karlosall.dk\/index.php?rest_route=\/wp\/v2\/users\/3"}],"replies":[{"embeddable":true,"href":"http:\/\/gymnoten.karlosall.dk\/index.php?rest_route=%2Fwp%2Fv2%2Fcomments&post=537"}],"version-history":[{"count":0,"href":"http:\/\/gymnoten.karlosall.dk\/index.php?rest_route=\/wp\/v2\/posts\/537\/revisions"}],"wp:attachment":[{"href":"http:\/\/gymnoten.karlosall.dk\/index.php?rest_route=%2Fwp%2Fv2%2Fmedia&parent=537"}],"wp:term":[{"taxonomy":"category","embeddable":true,"href":"http:\/\/gymnoten.karlosall.dk\/index.php?rest_route=%2Fwp%2Fv2%2Fcategories&post=537"},{"taxonomy":"post_tag","embeddable":true,"href":"http:\/\/gymnoten.karlosall.dk\/index.php?rest_route=%2Fwp%2Fv2%2Ftags&post=537"}],"curies":[{"name":"wp","href":"https:\/\/api.w.org\/{rel}","templated":true}]}}